{"id":3376,"date":"2017-11-30T21:14:24","date_gmt":"2017-11-30T23:14:24","guid":{"rendered":"https:\/\/lavandaspa.com.br\/loja\/?p=3376"},"modified":"2018-08-23T21:15:49","modified_gmt":"2018-08-24T00:15:49","slug":"tratamento-contra-alopesia","status":"publish","type":"post","link":"https:\/\/lavandaspa.com.br\/loja\/tratamento-contra-alopesia\/","title":{"rendered":"Tratamento contra Alop\u00e9sia"},"content":{"rendered":"<div class=\"itemIntroText\">\n<p>A perda excessiva de cabelo \u00e9 conhecida como alopecia, que vem se tornado cada vez mais comum em homens e mulheres, o dia dia corrido a m\u00e1 alimenta\u00e7\u00e3o s\u00e3o os maiores vil\u00f5es.<\/p>\n<p>Aqui no Lavanda estamos com uma super novidade: o tratamento para alop\u00e9cia, seja por tra\u00e7\u00e3o ou a natural, conhecida tamb\u00e9m como calv\u00edcie, que atinge homens e mulheres de diversas idades.<\/p>\n<\/div>\n<div class=\"itemFullText\">\n<p>Mas o que \u00e9 alopecia pro tra\u00e7\u00e3o?<br \/>\n\u00c9 a queda do cabelo criando falhas, que podem ser at\u00e9 permanentes, por tra\u00e7\u00e3o dos fios. Sim! tra\u00e7\u00e3o. \u00c9 prender os cabelos muito forte por muito tempo. Um caso muito conhecido \u00e9 o da modelo Naomi Campbel, que por usar anos seu cabelo n\u00e3o aguentou. E a\u00ed est\u00e1 o problema, a alopecia pode causar calv\u00edcie definitiva se n\u00e3o detectada e tratada recentemente.<\/p>\n<p>Tipicamente, a alopecia por tra\u00e7\u00e3o \u00e9 associada a uma tens\u00e3o frequente nos cabelos que acontece quando fazemos certos tipos de penteados. Por isso, esse tipo de calv\u00edcie \u00e9 mais comum em mulheres, embora tamb\u00e9m possa ocorrer com homens. Rabos de cavalo, coques e tran\u00e7as apertadas podem causar o problema, assim como fazer escova ou passar longos per\u00edodos com uso extens\u00f5es. O tratamento qu\u00edmico do cabelo com tinturas, descolorimentos ou alisantes rompe a estrutura de queratina, o que reduz a for\u00e7a dos fios. Com isso, o cabelo se torna fr\u00e1gil e suscet\u00edvel a quebras.<\/p>\n<p>Nosso tratamento tem a dura\u00e7\u00e3o inicial de 4 semanas, com 2 visitas por semana. \u00c9 necess\u00e1rio uma avalia\u00e7\u00e3o pr\u00e9via para o tratamento, realizado pela fisioterapeuta e acupunturista L\u00edvia Caldas, que realiza o procedimento.<\/p>\n<p>Entre em contato conosco e saiba mais.<\/p>\n<\/div>\n","protected":false},"excerpt":{"rendered":"<p>A perda excessiva de cabelo \u00e9 conhecida como alopecia, que vem se tornado cada vez mais comum em homens e<\/p>\n","protected":false},"author":6,"featured_media":3377,"comment_status":"open","ping_status":"open","sticky":false,"template":"","format":"standard","meta":{"_exactmetrics_skip_tracking":false,"_exactmetrics_sitenote_active":false,"_exactmetrics_sitenote_note":"","_exactmetrics_sitenote_category":0,"footnotes":""},"categories":[397],"tags":[426,425,405],"class_list":["post-3376","post","type-post","status-publish","format-standard","has-post-thumbnail","hentry","category-outros","tag-alopesia","tag-calvice","tag-saude"],"_links":{"self":[{"href":"https:\/\/lavandaspa.com.br\/loja\/wp-json\/wp\/v2\/posts\/3376","targetHints":{"allow":["GET"]}}],"collection":[{"href":"https:\/\/lavandaspa.com.br\/loja\/wp-json\/wp\/v2\/posts"}],"about":[{"href":"https:\/\/lavandaspa.com.br\/loja\/wp-json\/wp\/v2\/types\/post"}],"author":[{"embeddable":true,"href":"https:\/\/lavandaspa.com.br\/loja\/wp-json\/wp\/v2\/users\/6"}],"replies":[{"embeddable":true,"href":"https:\/\/lavandaspa.com.br\/loja\/wp-json\/wp\/v2\/comments?post=3376"}],"version-history":[{"count":1,"href":"https:\/\/lavandaspa.com.br\/loja\/wp-json\/wp\/v2\/posts\/3376\/revisions"}],"predecessor-version":[{"id":3378,"href":"https:\/\/lavandaspa.com.br\/loja\/wp-json\/wp\/v2\/posts\/3376\/revisions\/3378"}],"wp:featuredmedia":[{"embeddable":true,"href":"https:\/\/lavandaspa.com.br\/loja\/wp-json\/wp\/v2\/media\/3377"}],"wp:attachment":[{"href":"https:\/\/lavandaspa.com.br\/loja\/wp-json\/wp\/v2\/media?parent=3376"}],"wp:term":[{"taxonomy":"category","embeddable":true,"href":"https:\/\/lavandaspa.com.br\/loja\/wp-json\/wp\/v2\/categories?post=3376"},{"taxonomy":"post_tag","embeddable":true,"href":"https:\/\/lavandaspa.com.br\/loja\/wp-json\/wp\/v2\/tags?post=3376"}],"curies":[{"name":"wp","href":"https:\/\/api.w.org\/{rel}","templated":true}]}}