{"id":3431,"date":"2017-01-18T22:22:16","date_gmt":"2017-01-19T00:22:16","guid":{"rendered":"https:\/\/lavandaspa.com.br\/loja\/?p=3431"},"modified":"2018-08-23T22:24:28","modified_gmt":"2018-08-24T01:24:28","slug":"use-protetor-solar-todos-os-dias","status":"publish","type":"post","link":"https:\/\/lavandaspa.com.br\/loja\/use-protetor-solar-todos-os-dias\/","title":{"rendered":"Use protetor solar todos os dias"},"content":{"rendered":"<div class=\"itemIntroText\">\n<p>Voc\u00ea j\u00e1 ouviu v\u00e1rias vezes que passar protetor solar ajuda a evitar c\u00e2ncer de pele e envelhecimento precoce, certo? O problema \u00e9 que, mesmo com a informa\u00e7\u00e3o, muita gente n\u00e3o se liga na extrema import\u00e2ncia desse h\u00e1bito \u2013 e n\u00e3o tem nada de vaidade nisso: \u00e9 uma quest\u00e3o de sa\u00fade.<\/p>\n<p>Isso porque, ao atingir a pele, a radia\u00e7\u00e3o UV desencadeia rea\u00e7\u00f5es imediatas, como queimaduras e bronzeamento, e tardias, como envelhecimento cut\u00e2neo e muta\u00e7\u00f5es gen\u00e9ticas, que podem gerar o c\u00e2ncer de pele. Os raios do sol s\u00e3o respons\u00e1veis por 80% do envelhecimento cut\u00e2neo e triplicaram o n\u00famero de casos de melanoma (c\u00e2ncer de pele) nos \u00faltimos tempos.<\/p>\n<\/div>\n<div class=\"itemFullText\">\n<p>&nbsp;<\/p>\n<p>Se o tempo de exposi\u00e7\u00e3o ao sol for bem r\u00e1pido, basta espalhar o creme nas \u00e1reas que ficam descobertas (rosto, pesco\u00e7o, colo, ombros, bra\u00e7os, m\u00e3os e pernas) uma vez ao dia. Para per\u00edodos longos (mais de uma hora), o protetor deve ser aplicado no corpo todo, em doses generosas, 30 minutos antes de sair de casa. O produto deve ser reaplicado a cada duas horas ou imediatamente, se a pessoa ficar muito tempo na \u00e1gua, transpirar demais ou usar a toalha para secar a pele, combinado? Ah, e n\u00e3o se esque\u00e7a que ele deve ser usado todos os dias, em qualquer esta\u00e7\u00e3o do ano, porque at\u00e9 naquele dia frio e nublado voc\u00ea fica exposto aos raios e radia\u00e7\u00f5es UV.<\/p>\n<p>O segredo \u00e9 fazer o uso do protetor se tornar h\u00e1bito, como escovar os dentes. Ent\u00e3o, anote as dicas:<\/p>\n<p>Deixe seu protetor vis\u00edvel at\u00e9 se acostumar a us\u00e1-lo todo dia.<br \/>\nSe voc\u00ea passa o dia todo fora de casa, deixe um menor na bolsa, no carro ou mesmo na gaveta de trabalho.<br \/>\nVoc\u00ea pode usar o protetor antes de se maquiar. Em vez de passar hidratante para preparar a pele, use o protetor. Assim voc\u00ea agrega sa\u00fade \u00e0 sua beleza!<br \/>\nE o mais importante: pele bronzeada do sol n\u00e3o \u00e9 saud\u00e1vel. A cor de \u201cqueimada\u201d \u00e9 uma rea\u00e7\u00e3o da pele para se proteger dos raios nocivos. Pele bonita de verdade \u00e9 aquela bem-cuidada, ou seja, aquela que ganha camadas de protetor todo santo dia.<br \/>\nUs\u00e1-lo todo dia j\u00e1 \u00e9 se prevenir do envelhecimento precoce, protetor solar \u00e9 um dos anti-sinais mais eficazes, sabia?<\/p>\n<p>Para encontrar o protetor mais eficaz para o seu tipo de pele, consulte um dermatologista.<\/p>\n<p>&nbsp;<\/p>\n<p>Fonte:\u00a0<a href=\"http:\/\/www.dicasdemulher.com.br\/\">aqui<\/a><\/p>\n<\/div>\n","protected":false},"excerpt":{"rendered":"<p>Voc\u00ea j\u00e1 ouviu v\u00e1rias vezes que passar protetor solar ajuda a evitar c\u00e2ncer de pele e envelhecimento precoce, certo? O<\/p>\n","protected":false},"author":6,"featured_media":3432,"comment_status":"open","ping_status":"open","sticky":false,"template":"","format":"standard","meta":{"_exactmetrics_skip_tracking":false,"_exactmetrics_sitenote_active":false,"_exactmetrics_sitenote_note":"","_exactmetrics_sitenote_category":0,"footnotes":""},"categories":[398],"tags":[411,461,405,413],"class_list":["post-3431","post","type-post","status-publish","format-standard","has-post-thumbnail","hentry","category-estetica-corporal","tag-beleza","tag-protetor-solar","tag-saude","tag-verao"],"_links":{"self":[{"href":"https:\/\/lavandaspa.com.br\/loja\/wp-json\/wp\/v2\/posts\/3431","targetHints":{"allow":["GET"]}}],"collection":[{"href":"https:\/\/lavandaspa.com.br\/loja\/wp-json\/wp\/v2\/posts"}],"about":[{"href":"https:\/\/lavandaspa.com.br\/loja\/wp-json\/wp\/v2\/types\/post"}],"author":[{"embeddable":true,"href":"https:\/\/lavandaspa.com.br\/loja\/wp-json\/wp\/v2\/users\/6"}],"replies":[{"embeddable":true,"href":"https:\/\/lavandaspa.com.br\/loja\/wp-json\/wp\/v2\/comments?post=3431"}],"version-history":[{"count":1,"href":"https:\/\/lavandaspa.com.br\/loja\/wp-json\/wp\/v2\/posts\/3431\/revisions"}],"predecessor-version":[{"id":3433,"href":"https:\/\/lavandaspa.com.br\/loja\/wp-json\/wp\/v2\/posts\/3431\/revisions\/3433"}],"wp:featuredmedia":[{"embeddable":true,"href":"https:\/\/lavandaspa.com.br\/loja\/wp-json\/wp\/v2\/media\/3432"}],"wp:attachment":[{"href":"https:\/\/lavandaspa.com.br\/loja\/wp-json\/wp\/v2\/media?parent=3431"}],"wp:term":[{"taxonomy":"category","embeddable":true,"href":"https:\/\/lavandaspa.com.br\/loja\/wp-json\/wp\/v2\/categories?post=3431"},{"taxonomy":"post_tag","embeddable":true,"href":"https:\/\/lavandaspa.com.br\/loja\/wp-json\/wp\/v2\/tags?post=3431"}],"curies":[{"name":"wp","href":"https:\/\/api.w.org\/{rel}","templated":true}]}}