{"id":3506,"date":"2016-10-16T23:42:06","date_gmt":"2016-10-17T01:42:06","guid":{"rendered":"https:\/\/lavandaspa.com.br\/loja\/?p=3506"},"modified":"2018-09-03T23:44:17","modified_gmt":"2018-09-04T02:44:17","slug":"os-beneficios-da-esfoliacao-corporal","status":"publish","type":"post","link":"https:\/\/lavandaspa.com.br\/loja\/os-beneficios-da-esfoliacao-corporal\/","title":{"rendered":"Os benef\u00edcios da esfolia\u00e7\u00e3o corporal"},"content":{"rendered":"<div class=\"itemIntroText\">\n<p>A esfolia\u00e7\u00e3o corporal \u00e9 a queridinha de todas as esta\u00e7\u00f5es. No ver\u00e3o, al\u00e9m de renovar as c\u00e9lulas da pele, ela deixa o bronzeado mais uniforme e minimiza o efeito \u201ccasca de laranja\u201d.<br \/>\nJ\u00e1 no inverno, a pr\u00e1tica ajuda a afinar a pele para uma melhor absor\u00e7\u00e3o de cremes e \u00f3leos hidratantes, evitando o ressecamento.<\/p>\n<p>Ela ajuda na renova\u00e7\u00e3o da pele, elimina as c\u00e9lulas mortas e ameniza manchas! Mas, s\u00f3 deve ser realizada de 1 a 2 vezes por semana e com um produto especial!<\/p>\n<\/div>\n<div class=\"itemFullText\">\n<p>&nbsp;<\/p>\n<p>Os seus principais benef\u00edcios:<\/p>\n<p>&#8211; Contribui para o melhoramento da tonalidade natural e uniforme da pele.<br \/>\n&#8211; \u00c9 eficaz contra a celulite.<br \/>\n&#8211; Melhora a circula\u00e7\u00e3o sangu\u00ednea.<br \/>\n&#8211; Estimula o sistema metab\u00f3lico.<br \/>\n&#8211; Aumenta a capacidade e a efici\u00eancia do corpo no que toca \u00e0 elimina\u00e7\u00e3o de toxinas.<br \/>\n&#8211; Prepara o corpo para o Ver\u00e3o, nomeadamente para a obten\u00e7\u00e3o de um bronzeado bonito e uniforme.<br \/>\n&#8211; Devolve \u00e0 pele um aspecto saud\u00e1vel, que ao toque parece acetinado.<br \/>\n&#8211; Tal como uma massagem, tamb\u00e9m a esfolia\u00e7\u00e3o tem caracter\u00edsticas relaxantes e\/ou reinvigorantes, dependendo dos ingredientes e t\u00e9cnicas utilizadas.<br \/>\n&#8211; Uma esfolia\u00e7\u00e3o corporal \u00e9 ainda utilizada como prepara\u00e7\u00e3o para outros tratamentos: no caso de fazer um envolvimento corporal, a esfolia\u00e7\u00e3o pr\u00e9via abre os poros e torna a pele mais receptiva, potenciando assim os efeitos do tratamento seguinte.<\/p>\n<p>Entre em contato conosco e marque j\u00e1 a sua!<\/p>\n<\/div>\n","protected":false},"excerpt":{"rendered":"<p>A esfolia\u00e7\u00e3o corporal \u00e9 a queridinha de todas as esta\u00e7\u00f5es. No ver\u00e3o, al\u00e9m de renovar as c\u00e9lulas da pele, ela<\/p>\n","protected":false},"author":6,"featured_media":3507,"comment_status":"open","ping_status":"open","sticky":false,"template":"","format":"standard","meta":{"_exactmetrics_skip_tracking":false,"_exactmetrics_sitenote_active":false,"_exactmetrics_sitenote_note":"","_exactmetrics_sitenote_category":0,"footnotes":""},"categories":[398],"tags":[435,518,493,512],"class_list":["post-3506","post","type-post","status-publish","format-standard","has-post-thumbnail","hentry","category-estetica-corporal","tag-beneficios","tag-esfoliacao","tag-estetica","tag-estetica-corporal"],"_links":{"self":[{"href":"https:\/\/lavandaspa.com.br\/loja\/wp-json\/wp\/v2\/posts\/3506","targetHints":{"allow":["GET"]}}],"collection":[{"href":"https:\/\/lavandaspa.com.br\/loja\/wp-json\/wp\/v2\/posts"}],"about":[{"href":"https:\/\/lavandaspa.com.br\/loja\/wp-json\/wp\/v2\/types\/post"}],"author":[{"embeddable":true,"href":"https:\/\/lavandaspa.com.br\/loja\/wp-json\/wp\/v2\/users\/6"}],"replies":[{"embeddable":true,"href":"https:\/\/lavandaspa.com.br\/loja\/wp-json\/wp\/v2\/comments?post=3506"}],"version-history":[{"count":1,"href":"https:\/\/lavandaspa.com.br\/loja\/wp-json\/wp\/v2\/posts\/3506\/revisions"}],"predecessor-version":[{"id":3508,"href":"https:\/\/lavandaspa.com.br\/loja\/wp-json\/wp\/v2\/posts\/3506\/revisions\/3508"}],"wp:featuredmedia":[{"embeddable":true,"href":"https:\/\/lavandaspa.com.br\/loja\/wp-json\/wp\/v2\/media\/3507"}],"wp:attachment":[{"href":"https:\/\/lavandaspa.com.br\/loja\/wp-json\/wp\/v2\/media?parent=3506"}],"wp:term":[{"taxonomy":"category","embeddable":true,"href":"https:\/\/lavandaspa.com.br\/loja\/wp-json\/wp\/v2\/categories?post=3506"},{"taxonomy":"post_tag","embeddable":true,"href":"https:\/\/lavandaspa.com.br\/loja\/wp-json\/wp\/v2\/tags?post=3506"}],"curies":[{"name":"wp","href":"https:\/\/api.w.org\/{rel}","templated":true}]}}