{"id":3509,"date":"2016-10-02T23:44:37","date_gmt":"2016-10-03T02:44:37","guid":{"rendered":"https:\/\/lavandaspa.com.br\/loja\/?p=3509"},"modified":"2018-09-03T23:47:07","modified_gmt":"2018-09-04T02:47:07","slug":"tenha-uma-semana-muito-mais-produtiva-comecando-no-domingo","status":"publish","type":"post","link":"https:\/\/lavandaspa.com.br\/loja\/tenha-uma-semana-muito-mais-produtiva-comecando-no-domingo\/","title":{"rendered":"Tenha uma semana muito mais produtiva come\u00e7ando no domingo"},"content":{"rendered":"<p>A segunda feira sempre parece ser a grande vil\u00e3 da semana, mas com algumas medidas simples podemos torn\u00e1-la mais agrad\u00e1vel e ter uma semana bem produtiva:<\/p>\n<p>&#8211; Pense no domingo como o primeiro dia da semana.<br \/>\n&#8211; Limpe a caixa de entrada de e-mail.<br \/>\n&#8211; Fa\u00e7a uma lista de coisas a fazer na semana.<br \/>\n&#8211; Prepare sua mesa ou bolsa para a segunda feira.<br \/>\n&#8211; Limpe a casa.<br \/>\n&#8211; Separe as roupas que usar\u00e1 durante a semana.<br \/>\n&#8211; Tenha um card\u00e1pio semanal.<\/p>\n<p>Se voc\u00ea se planejar aos domingos, sua segunda feira deixar\u00e1 de ser um fardo e come\u00e7ar\u00e1 a ser um dia produtivo.<\/p>\n","protected":false},"excerpt":{"rendered":"<p>A segunda feira sempre parece ser a grande vil\u00e3 da semana, mas com algumas medidas simples podemos torn\u00e1-la mais agrad\u00e1vel<\/p>\n","protected":false},"author":6,"featured_media":3510,"comment_status":"open","ping_status":"open","sticky":false,"template":"","format":"standard","meta":{"_exactmetrics_skip_tracking":false,"_exactmetrics_sitenote_active":false,"_exactmetrics_sitenote_note":"","_exactmetrics_sitenote_category":0,"footnotes":""},"categories":[397],"tags":[521,520,519],"class_list":["post-3509","post","type-post","status-publish","format-standard","has-post-thumbnail","hentry","category-outros","tag-domingo","tag-organizacao","tag-produtividade"],"_links":{"self":[{"href":"https:\/\/lavandaspa.com.br\/loja\/wp-json\/wp\/v2\/posts\/3509","targetHints":{"allow":["GET"]}}],"collection":[{"href":"https:\/\/lavandaspa.com.br\/loja\/wp-json\/wp\/v2\/posts"}],"about":[{"href":"https:\/\/lavandaspa.com.br\/loja\/wp-json\/wp\/v2\/types\/post"}],"author":[{"embeddable":true,"href":"https:\/\/lavandaspa.com.br\/loja\/wp-json\/wp\/v2\/users\/6"}],"replies":[{"embeddable":true,"href":"https:\/\/lavandaspa.com.br\/loja\/wp-json\/wp\/v2\/comments?post=3509"}],"version-history":[{"count":1,"href":"https:\/\/lavandaspa.com.br\/loja\/wp-json\/wp\/v2\/posts\/3509\/revisions"}],"predecessor-version":[{"id":3511,"href":"https:\/\/lavandaspa.com.br\/loja\/wp-json\/wp\/v2\/posts\/3509\/revisions\/3511"}],"wp:featuredmedia":[{"embeddable":true,"href":"https:\/\/lavandaspa.com.br\/loja\/wp-json\/wp\/v2\/media\/3510"}],"wp:attachment":[{"href":"https:\/\/lavandaspa.com.br\/loja\/wp-json\/wp\/v2\/media?parent=3509"}],"wp:term":[{"taxonomy":"category","embeddable":true,"href":"https:\/\/lavandaspa.com.br\/loja\/wp-json\/wp\/v2\/categories?post=3509"},{"taxonomy":"post_tag","embeddable":true,"href":"https:\/\/lavandaspa.com.br\/loja\/wp-json\/wp\/v2\/tags?post=3509"}],"curies":[{"name":"wp","href":"https:\/\/api.w.org\/{rel}","templated":true}]}}