{"id":3521,"date":"2016-09-12T23:54:25","date_gmt":"2016-09-13T02:54:25","guid":{"rendered":"https:\/\/lavandaspa.com.br\/loja\/?p=3521"},"modified":"2018-09-03T23:56:41","modified_gmt":"2018-09-04T02:56:41","slug":"o-poder-da-vitamina-c","status":"publish","type":"post","link":"https:\/\/lavandaspa.com.br\/loja\/o-poder-da-vitamina-c\/","title":{"rendered":"O poder da Vitamina C"},"content":{"rendered":"<div class=\"itemIntroText\">\n<p>A vitamina C \u00e9 extremamente importante para nossa sa\u00fade. Mas voc\u00ea sabia que ela tamb\u00e9m \u00e9 imprescind\u00edvel para nossa pele?<\/p>\n<p>A vitamina C possui propriedades antioxidantes, ou seja, \u00e9 capaz de eliminar os radicais livres reduzindo os sinais de envelhecimento. \u00c9 uma subst\u00e2ncia essencial sob todos os aspectos: no funcionamento da pele (incluindo o crescimento, manuten\u00e7\u00e3o e reparo, protegendo-a contra os estragos da oxida\u00e7\u00e3o causada pelos radicais livres), feridas e s\u00edntese de col\u00e1geno.<\/p>\n<\/div>\n<div class=\"itemFullText\">\n<p>&nbsp;<\/p>\n<p>A vitamina C. tamb\u00e9m, \u00e9 muito indicada no combate a manchas escuras, n\u00e3o s\u00f3 clareando a pele, como tamb\u00e9m inibindo a enzima que cria a pigmenta\u00e7\u00e3o.<\/p>\n<p>Os cientistas tamb\u00e9m descobriram que a vitamina C n\u00e3o s\u00f3 \u00e9 essencial para a constru\u00e7\u00e3o do col\u00e1geno e da elastina, mas de fato d\u00e1 o pontap\u00e9 inicial na produ\u00e7\u00e3o dessas prote\u00ednas, o que a torna um potente anti-idade.<\/p>\n<p>E aqui no nosso Spa, possuimos um Ritual com produtos a base de vitamina C. Para levar at\u00e9 voc\u00ea todos os benef\u00edcios dessa potente vitamina.<\/p>\n<p>N\u00e3o deixe de conhecer!<\/p>\n<\/div>\n","protected":false},"excerpt":{"rendered":"<p>A vitamina C \u00e9 extremamente importante para nossa sa\u00fade. Mas voc\u00ea sabia que ela tamb\u00e9m \u00e9 imprescind\u00edvel para nossa pele?<\/p>\n","protected":false},"author":6,"featured_media":3522,"comment_status":"open","ping_status":"open","sticky":false,"template":"","format":"standard","meta":{"_exactmetrics_skip_tracking":false,"_exactmetrics_sitenote_active":false,"_exactmetrics_sitenote_note":"","_exactmetrics_sitenote_category":0,"footnotes":""},"categories":[508],"tags":[531,411,528,529,530,532,527],"class_list":["post-3521","post","type-post","status-publish","format-standard","has-post-thumbnail","hentry","category-estetica-facial","tag-anti-idade","tag-beleza","tag-estetica-facial","tag-pele-bonita","tag-pele-renovada","tag-rejuvenescimento","tag-vitamina-c"],"_links":{"self":[{"href":"https:\/\/lavandaspa.com.br\/loja\/wp-json\/wp\/v2\/posts\/3521","targetHints":{"allow":["GET"]}}],"collection":[{"href":"https:\/\/lavandaspa.com.br\/loja\/wp-json\/wp\/v2\/posts"}],"about":[{"href":"https:\/\/lavandaspa.com.br\/loja\/wp-json\/wp\/v2\/types\/post"}],"author":[{"embeddable":true,"href":"https:\/\/lavandaspa.com.br\/loja\/wp-json\/wp\/v2\/users\/6"}],"replies":[{"embeddable":true,"href":"https:\/\/lavandaspa.com.br\/loja\/wp-json\/wp\/v2\/comments?post=3521"}],"version-history":[{"count":1,"href":"https:\/\/lavandaspa.com.br\/loja\/wp-json\/wp\/v2\/posts\/3521\/revisions"}],"predecessor-version":[{"id":3523,"href":"https:\/\/lavandaspa.com.br\/loja\/wp-json\/wp\/v2\/posts\/3521\/revisions\/3523"}],"wp:featuredmedia":[{"embeddable":true,"href":"https:\/\/lavandaspa.com.br\/loja\/wp-json\/wp\/v2\/media\/3522"}],"wp:attachment":[{"href":"https:\/\/lavandaspa.com.br\/loja\/wp-json\/wp\/v2\/media?parent=3521"}],"wp:term":[{"taxonomy":"category","embeddable":true,"href":"https:\/\/lavandaspa.com.br\/loja\/wp-json\/wp\/v2\/categories?post=3521"},{"taxonomy":"post_tag","embeddable":true,"href":"https:\/\/lavandaspa.com.br\/loja\/wp-json\/wp\/v2\/tags?post=3521"}],"curies":[{"name":"wp","href":"https:\/\/api.w.org\/{rel}","templated":true}]}}