{"id":3548,"date":"2015-12-14T00:21:39","date_gmt":"2015-12-14T02:21:39","guid":{"rendered":"https:\/\/lavandaspa.com.br\/loja\/?p=3548"},"modified":"2018-09-04T00:23:40","modified_gmt":"2018-09-04T03:23:40","slug":"tudo-que-aconteceu-no-primeiro-evento-de-prevencao-de-lesoes-do-lavanda","status":"publish","type":"post","link":"https:\/\/lavandaspa.com.br\/loja\/tudo-que-aconteceu-no-primeiro-evento-de-prevencao-de-lesoes-do-lavanda\/","title":{"rendered":"Tudo que aconteceu no Primeiro Evento de Preven\u00e7\u00e3o de Les\u00f5es do Lavanda!"},"content":{"rendered":"<div class=\"itemIntroText\">\n<p>No in\u00edcio de dezembro, tivemos o nosso 1\u00ba Evento de Preven\u00e7\u00f5es a Les\u00f5es. A a\u00e7\u00e3o alertou passantes\u00a0\u2028e praticantes de atividades f\u00edsicas na orla da Praia de S\u00e3o Conrado a import\u00e2ncia do autoconhecimento para a pr\u00e1tica de exerc\u00edcios f\u00edsicos. E, a necessidade da descoberta do potencial e cautela durante a pratica dos exerc\u00edcios, o pisar corretamente e a aten\u00e7\u00e3o \u00e0 postura, a prepara\u00e7\u00e3o dos m\u00fasculos e a volta \u00e0 calma ap\u00f3s uma atividade. Pontos primordiais para uma pratica saud\u00e1vel e livre de les\u00f5es.\u2028\u2028Para tal, o Lavanda Fitness Spa desenvolveu um Programa de Tratamento realizado de acordo com a necessidade individual, por uma equipe multidisciplinar, que vai al\u00e9m do problema pontual.<\/p>\n<\/div>\n<div class=\"itemFullText\">\n<p>&nbsp;<\/p>\n<p>Buscando entender junto a diversos profissionais, de diferentes \u00e1reas \u2013 fisioterapeutas, educadores f\u00edsicos e terapeutas hol\u00edsticos \u2013 os motivos que podem desencadear as les\u00f5es, trabalhando na causa raiz do problema, possibilitando preven\u00e7\u00e3o e reabilita\u00e7\u00e3o.\u2028\u2028Al\u00e9m da avalia\u00e7\u00e3o postural, shiatsu promocional e orienta\u00e7\u00e3o gratuita, tivemos a presen\u00e7a da Revista Rio Arquitetura &amp; Design, com a distribui\u00e7\u00e3o da edi\u00e7\u00e3o 04 da revista para os moradores de S\u00e3o Conrado, destacando o que h\u00e1 de melhor em tend\u00eancias, criatividade e estilo.<\/p>\n<p>Tivemos tamb\u00e9m degusta\u00e7\u00e3o de deliciosas e saborosas comidas naturais, os sorvetes artesanais e inovadores (no palito) da Le sorbet, a diversidade e sabor dos sucos detox Green People, o p\u00e3o sem gl\u00faten e sem lactose da Guloseimas Saud\u00e1veis, a leveza dos ch\u00e1s Namastea e a brasilidade fit do A\u00e7a\u00ed Tropical. Parcerias incr\u00edveis, que junto ao Lavanda Fitness Spa compartilharam de uma excelente manh\u00e3 com os moradores de S\u00e3o Conrado. Confira as imagens registradas pelas lentes de Raiana Medina.<\/p>\n<p>Agende uma avalia\u00e7\u00e3o e previna les\u00f5es voc\u00ea tamb\u00e9m!<\/p>\n<p>3497 1646 \/ 96968 6556<\/p>\n<\/div>\n","protected":false},"excerpt":{"rendered":"<p>No in\u00edcio de dezembro, tivemos o nosso 1\u00ba Evento de Preven\u00e7\u00f5es a Les\u00f5es. A a\u00e7\u00e3o alertou passantes\u00a0\u2028e praticantes de atividades<\/p>\n","protected":false},"author":6,"featured_media":3352,"comment_status":"open","ping_status":"open","sticky":false,"template":"","format":"standard","meta":{"_exactmetrics_skip_tracking":false,"_exactmetrics_sitenote_active":false,"_exactmetrics_sitenote_note":"","_exactmetrics_sitenote_category":0,"footnotes":""},"categories":[397],"tags":[562,422,561,560,564,563,565],"class_list":["post-3548","post","type-post","status-publish","format-standard","has-post-thumbnail","hentry","category-outros","tag-coluna","tag-evento","tag-lavanda","tag-lesoes","tag-praia-de-sao-conrado","tag-prevencao","tag-rio-de-janeiro"],"_links":{"self":[{"href":"https:\/\/lavandaspa.com.br\/loja\/wp-json\/wp\/v2\/posts\/3548","targetHints":{"allow":["GET"]}}],"collection":[{"href":"https:\/\/lavandaspa.com.br\/loja\/wp-json\/wp\/v2\/posts"}],"about":[{"href":"https:\/\/lavandaspa.com.br\/loja\/wp-json\/wp\/v2\/types\/post"}],"author":[{"embeddable":true,"href":"https:\/\/lavandaspa.com.br\/loja\/wp-json\/wp\/v2\/users\/6"}],"replies":[{"embeddable":true,"href":"https:\/\/lavandaspa.com.br\/loja\/wp-json\/wp\/v2\/comments?post=3548"}],"version-history":[{"count":1,"href":"https:\/\/lavandaspa.com.br\/loja\/wp-json\/wp\/v2\/posts\/3548\/revisions"}],"predecessor-version":[{"id":3549,"href":"https:\/\/lavandaspa.com.br\/loja\/wp-json\/wp\/v2\/posts\/3548\/revisions\/3549"}],"wp:featuredmedia":[{"embeddable":true,"href":"https:\/\/lavandaspa.com.br\/loja\/wp-json\/wp\/v2\/media\/3352"}],"wp:attachment":[{"href":"https:\/\/lavandaspa.com.br\/loja\/wp-json\/wp\/v2\/media?parent=3548"}],"wp:term":[{"taxonomy":"category","embeddable":true,"href":"https:\/\/lavandaspa.com.br\/loja\/wp-json\/wp\/v2\/categories?post=3548"},{"taxonomy":"post_tag","embeddable":true,"href":"https:\/\/lavandaspa.com.br\/loja\/wp-json\/wp\/v2\/tags?post=3548"}],"curies":[{"name":"wp","href":"https:\/\/api.w.org\/{rel}","templated":true}]}}