{"id":3556,"date":"2015-11-03T00:42:15","date_gmt":"2015-11-03T02:42:15","guid":{"rendered":"https:\/\/lavandaspa.com.br\/loja\/?p=3556"},"modified":"2018-09-04T00:45:15","modified_gmt":"2018-09-04T03:45:15","slug":"a-magia-estetica-do-verao","status":"publish","type":"post","link":"https:\/\/lavandaspa.com.br\/loja\/a-magia-estetica-do-verao\/","title":{"rendered":"A Magia Est\u00e9tica do Ver\u00e3o"},"content":{"rendered":"<div class=\"itemIntroText\">\n<p>Magic Touch Detox \u00e9 o tratamento est\u00e9tico do momento, \u00e9 esse toque de magia que tem feito a cabe\u00e7a e modelado o<em>\u00a0corpictho<\/em>\u00a0de muitas celebridades como Vera Viel, Nath\u00e1lia Rodrigues, Sabrina Sato, Mirella Santos e muitas outras.<\/p>\n<p>O procedimento \u00e9 espetacular e possui uma sequ\u00eancia incr\u00edvel \u00e9 a febre est\u00e9tica de muitas cl\u00ednicas!<\/p>\n<p>Desenvolvido com o objetivo de eliminar toxinas e reten\u00e7\u00e3o l\u00edquida, o Magic favorece tamb\u00e9m o emagrecimento, em uma sess\u00e3o \u00e9 poss\u00edvel perder at\u00e9 1,5kg.<\/p>\n<p>Quer saber como isso \u00e9 poss\u00edvel?!<\/p>\n<\/div>\n<div class=\"itemFullText\">\n<p>&nbsp;<\/p>\n<p>O aparelho ultrassom far\u00e1 a quebra da mol\u00e9cula de gordura, que associado a esfolia\u00e7\u00e3o, ir\u00e1 preparar a pele para absor\u00e7\u00e3o dos elementos termog\u00eanicos utilizados. A m\u00e1scara de argila, auxiliar\u00e1 na desintoxica\u00e7\u00e3o do organismo e na recupera\u00e7\u00e3o da firmeza e elasticidade da pele, que junto \u00e0 termo terapia propiciar\u00e1 a ativa\u00e7\u00e3o do metabolismo celular. Por meio da Drenagem Linf\u00e1tica o organismo ser\u00e1 estimulado a eliminar, atrav\u00e9s da urina e suor, o excesso de l\u00edquido do organismo e as toxinas, inclusive as c\u00e9lulas adiposas.<\/p>\n<p>No Lavanda Fitness Spa, o esse tratamento est\u00e9tico ganha um plus! Pois, \u00a0al\u00e9m dos elementos utilizados, \u00e9 feito um procedimento finalizador de a\u00e7\u00e3o prolongada com Mentol e c\u00e2nfora. Que resfriam a \u00e1rea trabalhada, estimulando o organismo a reaquece-l\u00e1, proporcionando al\u00e9m da redu\u00e7\u00e3o de medidas e gordura localizada, tamb\u00e9m, a redu\u00e7\u00e3o de celulite e flacidez.<\/p>\n<p>Desintoxica\u00e7\u00e3o e redu\u00e7\u00e3o de medidas numa sequ\u00eancia m\u00e1gica,\u00a0<em>Magic Touch Detox Lavanda<\/em>. Encante nesse ver\u00e3o!<\/p>\n<\/div>\n","protected":false},"excerpt":{"rendered":"<p>Magic Touch Detox \u00e9 o tratamento est\u00e9tico do momento, \u00e9 esse toque de magia que tem feito a cabe\u00e7a e<\/p>\n","protected":false},"author":6,"featured_media":3557,"comment_status":"open","ping_status":"open","sticky":false,"template":"","format":"standard","meta":{"_exactmetrics_skip_tracking":false,"_exactmetrics_sitenote_active":false,"_exactmetrics_sitenote_note":"","_exactmetrics_sitenote_category":0,"footnotes":""},"categories":[398],"tags":[482,555,556,580,413],"class_list":["post-3556","post","type-post","status-publish","format-standard","has-post-thumbnail","hentry","category-estetica-corporal","tag-detox","tag-magic-touch","tag-magic-touch-detox","tag-reducao-de-medidas","tag-verao"],"_links":{"self":[{"href":"https:\/\/lavandaspa.com.br\/loja\/wp-json\/wp\/v2\/posts\/3556","targetHints":{"allow":["GET"]}}],"collection":[{"href":"https:\/\/lavandaspa.com.br\/loja\/wp-json\/wp\/v2\/posts"}],"about":[{"href":"https:\/\/lavandaspa.com.br\/loja\/wp-json\/wp\/v2\/types\/post"}],"author":[{"embeddable":true,"href":"https:\/\/lavandaspa.com.br\/loja\/wp-json\/wp\/v2\/users\/6"}],"replies":[{"embeddable":true,"href":"https:\/\/lavandaspa.com.br\/loja\/wp-json\/wp\/v2\/comments?post=3556"}],"version-history":[{"count":1,"href":"https:\/\/lavandaspa.com.br\/loja\/wp-json\/wp\/v2\/posts\/3556\/revisions"}],"predecessor-version":[{"id":3558,"href":"https:\/\/lavandaspa.com.br\/loja\/wp-json\/wp\/v2\/posts\/3556\/revisions\/3558"}],"wp:featuredmedia":[{"embeddable":true,"href":"https:\/\/lavandaspa.com.br\/loja\/wp-json\/wp\/v2\/media\/3557"}],"wp:attachment":[{"href":"https:\/\/lavandaspa.com.br\/loja\/wp-json\/wp\/v2\/media?parent=3556"}],"wp:term":[{"taxonomy":"category","embeddable":true,"href":"https:\/\/lavandaspa.com.br\/loja\/wp-json\/wp\/v2\/categories?post=3556"},{"taxonomy":"post_tag","embeddable":true,"href":"https:\/\/lavandaspa.com.br\/loja\/wp-json\/wp\/v2\/tags?post=3556"}],"curies":[{"name":"wp","href":"https:\/\/api.w.org\/{rel}","templated":true}]}}